{"id":1560,"date":"2021-03-24T08:22:34","date_gmt":"2021-03-24T07:22:34","guid":{"rendered":"http:\/\/lesbiopaniersdemareil.org\/?p=1560"},"modified":"2021-03-24T08:40:56","modified_gmt":"2021-03-24T07:40:56","slug":"distribution-de-ce-mercredi-24-mars-2021","status":"publish","type":"post","link":"https:\/\/lesbiopaniersdemareil.org\/index.php\/2021\/03\/24\/distribution-de-ce-mercredi-24-mars-2021\/","title":{"rendered":"Distribution de ce mercredi 24 mars 2021"},"content":{"rendered":"\n<p>Chers amapiens, \u00e0 partir d&#8217;aujourd&#8217;hui et jusqu&#8217;\u00e0 nouveau changement, la distribution d\u00e9marre une heure plus tard. <\/p>\n\n\n\n<p><strong>Distribution de 17h \u00e0 18h30<\/strong>, avec d\u00e9marrage de la pr\u00e9paration \u00e0 16h.<\/p>\n\n\n\n<p>Aujourd&#8217;hui sont livr\u00e9s les l\u00e9gumes, les sacs de pommes de terre et les pains.<\/p>\n\n\n\n<p><strong>Le petit panier de l\u00e9gumes comprend :<\/strong><\/p>\n\n\n\n<div class=\"wp-block-group\"><div class=\"wp-block-group__inner-container\">\n<ul><li>200 gr de m\u00e2che<\/li><li>1 kg de blettes<\/li><li>1 botte d&#8217;ail frais<\/li><li>500 gr de carottes<\/li><li>500 gr de poireaux<\/li><li>400 gr d&#8217;endives<\/li><\/ul>\n\n\n\n<p><strong>Le panier moyen de l\u00e9gumes comprend :<\/strong><\/p>\n\n\n\n<div class=\"wp-block-group\"><div class=\"wp-block-group__inner-container\">\n<ul><li>200 gr de m\u00e2che<\/li><li>150 gr de mesclun<\/li><li>1 kg de blettes<\/li><li>1 botte d&#8217;ail frais<\/li><li>800 gr de carottes<\/li><li>500 gr de poireaux<\/li><li>400 gr d&#8217;endives<\/li><li>1 kg de pommes de terre<\/li><\/ul>\n\n\n\n<p>Bonne d\u00e9gustation.<\/p>\n\n\n\n<p><\/p>\n<\/div><\/div>\n<\/div><\/div>\n","protected":false},"excerpt":{"rendered":"<p>Chers amapiens, \u00e0 partir d&#8217;aujourd&#8217;hui et jusqu&#8217;\u00e0 nouveau changement, la distribution d\u00e9marre une heure plus tard. Distribution de 17h \u00e0 18h30, avec d\u00e9marrage de la pr\u00e9paration \u00e0 16h. Aujourd&#8217;hui sont livr\u00e9s les l\u00e9gumes, les sacs de pommes de terre et les pains. Le petit panier de l\u00e9gumes comprend :<\/p>\n","protected":false},"author":25,"featured_media":0,"comment_status":"open","ping_status":"open","sticky":false,"template":"","format":"standard","meta":{"spay_email":"","jetpack_publicize_message":"","jetpack_is_tweetstorm":false,"jetpack_publicize_feature_enabled":true},"categories":[44],"tags":[],"jetpack_featured_media_url":"","jetpack_publicize_connections":[],"jetpack_sharing_enabled":true,"jetpack_shortlink":"https:\/\/wp.me\/pai4cU-pa","_links":{"self":[{"href":"https:\/\/lesbiopaniersdemareil.org\/index.php\/wp-json\/wp\/v2\/posts\/1560"}],"collection":[{"href":"https:\/\/lesbiopaniersdemareil.org\/index.php\/wp-json\/wp\/v2\/posts"}],"about":[{"href":"https:\/\/lesbiopaniersdemareil.org\/index.php\/wp-json\/wp\/v2\/types\/post"}],"author":[{"embeddable":true,"href":"https:\/\/lesbiopaniersdemareil.org\/index.php\/wp-json\/wp\/v2\/users\/25"}],"replies":[{"embeddable":true,"href":"https:\/\/lesbiopaniersdemareil.org\/index.php\/wp-json\/wp\/v2\/comments?post=1560"}],"version-history":[{"count":3,"href":"https:\/\/lesbiopaniersdemareil.org\/index.php\/wp-json\/wp\/v2\/posts\/1560\/revisions"}],"predecessor-version":[{"id":1563,"href":"https:\/\/lesbiopaniersdemareil.org\/index.php\/wp-json\/wp\/v2\/posts\/1560\/revisions\/1563"}],"wp:attachment":[{"href":"https:\/\/lesbiopaniersdemareil.org\/index.php\/wp-json\/wp\/v2\/media?parent=1560"}],"wp:term":[{"taxonomy":"category","embeddable":true,"href":"https:\/\/lesbiopaniersdemareil.org\/index.php\/wp-json\/wp\/v2\/categories?post=1560"},{"taxonomy":"post_tag","embeddable":true,"href":"https:\/\/lesbiopaniersdemareil.org\/index.php\/wp-json\/wp\/v2\/tags?post=1560"}],"curies":[{"name":"wp","href":"https:\/\/api.w.org\/{rel}","templated":true}]}}