{"id":1553,"date":"2021-03-17T11:49:58","date_gmt":"2021-03-17T10:49:58","guid":{"rendered":"http:\/\/lesbiopaniersdemareil.org\/?p=1553"},"modified":"2021-03-17T16:18:43","modified_gmt":"2021-03-17T15:18:43","slug":"message-de-nos-mairaichers-de-terre-ferme","status":"publish","type":"post","link":"https:\/\/lesbiopaniersdemareil.org\/index.php\/2021\/03\/17\/message-de-nos-mairaichers-de-terre-ferme\/","title":{"rendered":"Message de nos mara\u00eechers de Terre Ferme"},"content":{"rendered":"\n<p>Annick et Thibault ont envoy\u00e9 un message pour faire le point sur les cultures en cours.<\/p>\n\n\n\n<p>&#8220;Tout va bien, les cultures n&#8217;ont pas souffert du gel car nous avions bien tout prot\u00e9g\u00e9 avec des voiles thermiques.<\/p>\n\n\n\n<p>Votre dernier panier \u00e9tait effectivement bien garni, mais attention, nous rentrons dans la p\u00e9riode un peu dure car les stocks de l\u00e9gumes d&#8217;hiver s&#8217;\u00e9puisent et les primeurs vont arriver doucement !<\/p>\n\n\n\n<p>Thibault livrera les 2 premi\u00e8res semaines d&#8217;avril.<\/p>\n\n\n\n<p>Bonne semaine&#8221;<\/p>\n\n\n\n<p><strong><span style=\"text-decoration: underline;\">Infos sur les l\u00e9gumes :<\/span><\/strong><\/p>\n\n\n\n<p><strong>L\u00e9gumes en r\u00e9colte :<\/strong> C&#8217;est le creux de la vague, donc comme vous avez pu le constater dans vos paniers ces derni\u00e8res semaines, ce sont des carottes, poireaux, panais, mesclun, c\u00e9leris, betteraves, blettes, pommes de terre.<\/p>\n\n\n\n<p><strong>Semis : <\/strong>Mi-janvier et mi-f\u00e9vrier, semis sous serres de carottes nouvelles, de radis rose (serres et plein champ), semis de pois rames (\u00e0 grains ronds).<\/p>\n\n\n\n<p><strong>Plantations :<\/strong> <\/p>\n\n\n\n<p>Depuis le d\u00e9but de l&#8217;ann\u00e9e, plantation de pommes de terre nouvelles sous serre puis en plein champ la semaine derni\u00e8re<\/p>\n\n\n\n<figure class=\"wp-block-table\"><table><tbody><tr><td>S signifie semaine suivie de son num\u00e9ro et colonne de droite le nombre de mottes plant\u00e9es. <br>S6          EPINARD NEVADA                       1260<br>              &nbsp; NAVETS PLAT DE MILAN            630 &nbsp; &nbsp;<br><br>S8          PERSIL PLAT                                      630<br>              &nbsp; BLETTE BERAC                                 630<br>              &nbsp; BETTERAVE BOLIVAR                   630<br>              &nbsp; CHOU POINTU                                    540<br>              &nbsp; FENOUIL SOLARIS                           630<br>              &nbsp; CHOU RAVE AZUR STAR              630<br>              &nbsp; NAVETS PLAT DE MILAN             360<br><br>S10       EPINARD NEVADA                          1260<br>             &nbsp; CELERI BRANCHE                             630 <br>             &nbsp; HARICOTS VESPERAL                    320<br>             &nbsp; NAVETS PLATS DE MILAN            270<br>            &nbsp; OIGNONS ROUGES FLORENCE   630  &nbsp;<\/td><\/tr><\/tbody><\/table><\/figure>\n\n\n\n<p><strong>Etat des cultures : <\/strong>Plut\u00f4t tr\u00e8s bien dans l&#8217;ensemble. Pas de d\u00e9g\u00e2ts d\u00fb aux 2 forts \u00e9pisodes de gel. <\/p>\n\n\n\n<p><strong>L\u00e9gumes en proche r\u00e9colte : <\/strong>Ail nouveau, radis botte (comme pour ce mercredi 17mars). Chou fleur, \u00e9pinards, oignons nouveaux, laitues&#8230;<\/p>\n\n\n\n<p>Voici les infos re\u00e7u par Annick et Thibault. Merci \u00e0 eux pour leur travail et ce partage d&#8217;information sur l&#8217;\u00e9volution des cultures.<\/p>\n\n\n\n<p>Bien \u00e0 vous.<\/p>\n\n\n\n<p>Eric Delaneau (R\u00e9f\u00e9rent producteurs de l\u00e9gumes)<\/p>\n","protected":false},"excerpt":{"rendered":"<p>Annick et Thibault ont envoy\u00e9 un message pour faire le point sur les cultures en cours. &#8220;Tout va bien, les cultures n&#8217;ont pas souffert du gel car nous avions bien tout prot\u00e9g\u00e9 avec des voiles thermiques. Votre dernier panier \u00e9tait effectivement bien garni, mais attention, nous rentrons dans la p\u00e9riode un peu dure car les &hellip; <\/p>\n<p class=\"link-more\"><a href=\"https:\/\/lesbiopaniersdemareil.org\/index.php\/2021\/03\/17\/message-de-nos-mairaichers-de-terre-ferme\/\" class=\"more-link\">Continue reading<span class=\"screen-reader-text\"> &#8220;Message de nos mara\u00eechers de Terre Ferme&#8221;<\/span><\/a><\/p>\n","protected":false},"author":25,"featured_media":0,"comment_status":"open","ping_status":"open","sticky":false,"template":"","format":"standard","meta":{"spay_email":"","jetpack_publicize_message":"","jetpack_is_tweetstorm":false,"jetpack_publicize_feature_enabled":true},"categories":[44,1],"tags":[],"jetpack_featured_media_url":"","jetpack_publicize_connections":[],"jetpack_sharing_enabled":true,"jetpack_shortlink":"https:\/\/wp.me\/pai4cU-p3","_links":{"self":[{"href":"https:\/\/lesbiopaniersdemareil.org\/index.php\/wp-json\/wp\/v2\/posts\/1553"}],"collection":[{"href":"https:\/\/lesbiopaniersdemareil.org\/index.php\/wp-json\/wp\/v2\/posts"}],"about":[{"href":"https:\/\/lesbiopaniersdemareil.org\/index.php\/wp-json\/wp\/v2\/types\/post"}],"author":[{"embeddable":true,"href":"https:\/\/lesbiopaniersdemareil.org\/index.php\/wp-json\/wp\/v2\/users\/25"}],"replies":[{"embeddable":true,"href":"https:\/\/lesbiopaniersdemareil.org\/index.php\/wp-json\/wp\/v2\/comments?post=1553"}],"version-history":[{"count":3,"href":"https:\/\/lesbiopaniersdemareil.org\/index.php\/wp-json\/wp\/v2\/posts\/1553\/revisions"}],"predecessor-version":[{"id":1556,"href":"https:\/\/lesbiopaniersdemareil.org\/index.php\/wp-json\/wp\/v2\/posts\/1553\/revisions\/1556"}],"wp:attachment":[{"href":"https:\/\/lesbiopaniersdemareil.org\/index.php\/wp-json\/wp\/v2\/media?parent=1553"}],"wp:term":[{"taxonomy":"category","embeddable":true,"href":"https:\/\/lesbiopaniersdemareil.org\/index.php\/wp-json\/wp\/v2\/categories?post=1553"},{"taxonomy":"post_tag","embeddable":true,"href":"https:\/\/lesbiopaniersdemareil.org\/index.php\/wp-json\/wp\/v2\/tags?post=1553"}],"curies":[{"name":"wp","href":"https:\/\/api.w.org\/{rel}","templated":true}]}}