{"id":1055,"date":"2019-11-06T15:31:22","date_gmt":"2019-11-06T14:31:22","guid":{"rendered":"http:\/\/lesbiopaniersdemareil.org\/?p=1055"},"modified":"2020-02-07T16:24:33","modified_gmt":"2020-02-07T15:24:33","slug":"le-panier-legumes-de-ce-mercredi-6-novembre-2019","status":"publish","type":"post","link":"https:\/\/lesbiopaniersdemareil.org\/index.php\/2019\/11\/06\/le-panier-legumes-de-ce-mercredi-6-novembre-2019\/","title":{"rendered":"Le panier l\u00e9gumes de ce mercredi 6 novembre 2019"},"content":{"rendered":"\n<p>Voici le panier de ce soir, sous r\u00e9serve de changement de derni\u00e8re minute.<\/p>\n\n\n\n<p>Les petits paniers seront compos\u00e9s de :<\/p>\n\n\n\n<ul><li>1 salade<\/li><li>1 bouquet de cerfeuil<\/li><li>1 chou vert<\/li><li>500 gr de patate douce<\/li><li>400 gr de poireaux<\/li><li>400 gr de panais<\/li><li>500 gr d&#8217;oignons jaunes<\/li><\/ul>\n\n\n\n<p>Les paniers moyens seront compos\u00e9s de :<\/p>\n\n\n\n<ul><li>1 salade<\/li><li>1 bouquet de cerfeuil<\/li><li>1 chou vert<\/li><li>1 pourpier<\/li><li>800 gr de patate douce<\/li><li>500 gr de rutabaga<\/li><li>600 gr de poireaux<\/li><li>400 gr de panais<\/li><li>500 gr d&#8217;oignons jaunes<\/li><\/ul>\n\n\n\n<p>Bonne distibution<\/p>\n\n\n\n<p>Eric Delaneau (r\u00e9f\u00e9rent Producteur L\u00e9gumes)<\/p>\n\n\n\n<p><\/p>\n","protected":false},"excerpt":{"rendered":"<p>Voici le panier de ce soir, sous r\u00e9serve de changement de derni\u00e8re minute. Les petits paniers seront compos\u00e9s de : 1 salade 1 bouquet de cerfeuil 1 chou vert 500 gr de patate douce 400 gr de poireaux 400 gr de panais 500 gr d&#8217;oignons jaunes Les paniers moyens seront compos\u00e9s de : 1 salade &hellip; <\/p>\n<p class=\"link-more\"><a href=\"https:\/\/lesbiopaniersdemareil.org\/index.php\/2019\/11\/06\/le-panier-legumes-de-ce-mercredi-6-novembre-2019\/\" class=\"more-link\">Continue reading<span class=\"screen-reader-text\"> &#8220;Le panier l\u00e9gumes de ce mercredi 6 novembre 2019&#8221;<\/span><\/a><\/p>\n","protected":false},"author":25,"featured_media":0,"comment_status":"open","ping_status":"open","sticky":false,"template":"","format":"standard","meta":{"spay_email":"","jetpack_publicize_message":"","jetpack_is_tweetstorm":false,"jetpack_publicize_feature_enabled":true},"categories":[44],"tags":[],"jetpack_featured_media_url":"","jetpack_publicize_connections":[],"jetpack_sharing_enabled":true,"jetpack_shortlink":"https:\/\/wp.me\/pai4cU-h1","_links":{"self":[{"href":"https:\/\/lesbiopaniersdemareil.org\/index.php\/wp-json\/wp\/v2\/posts\/1055"}],"collection":[{"href":"https:\/\/lesbiopaniersdemareil.org\/index.php\/wp-json\/wp\/v2\/posts"}],"about":[{"href":"https:\/\/lesbiopaniersdemareil.org\/index.php\/wp-json\/wp\/v2\/types\/post"}],"author":[{"embeddable":true,"href":"https:\/\/lesbiopaniersdemareil.org\/index.php\/wp-json\/wp\/v2\/users\/25"}],"replies":[{"embeddable":true,"href":"https:\/\/lesbiopaniersdemareil.org\/index.php\/wp-json\/wp\/v2\/comments?post=1055"}],"version-history":[{"count":2,"href":"https:\/\/lesbiopaniersdemareil.org\/index.php\/wp-json\/wp\/v2\/posts\/1055\/revisions"}],"predecessor-version":[{"id":1057,"href":"https:\/\/lesbiopaniersdemareil.org\/index.php\/wp-json\/wp\/v2\/posts\/1055\/revisions\/1057"}],"wp:attachment":[{"href":"https:\/\/lesbiopaniersdemareil.org\/index.php\/wp-json\/wp\/v2\/media?parent=1055"}],"wp:term":[{"taxonomy":"category","embeddable":true,"href":"https:\/\/lesbiopaniersdemareil.org\/index.php\/wp-json\/wp\/v2\/categories?post=1055"},{"taxonomy":"post_tag","embeddable":true,"href":"https:\/\/lesbiopaniersdemareil.org\/index.php\/wp-json\/wp\/v2\/tags?post=1055"}],"curies":[{"name":"wp","href":"https:\/\/api.w.org\/{rel}","templated":true}]}}