{"id":1041,"date":"2019-10-30T12:23:48","date_gmt":"2019-10-30T11:23:48","guid":{"rendered":"http:\/\/lesbiopaniersdemareil.org\/?p=1041"},"modified":"2019-10-30T12:35:50","modified_gmt":"2019-10-30T11:35:50","slug":"paniers-legumes-de-ce-mercredi-30-octobre","status":"publish","type":"post","link":"https:\/\/lesbiopaniersdemareil.org\/index.php\/2019\/10\/30\/paniers-legumes-de-ce-mercredi-30-octobre\/","title":{"rendered":"Paniers l\u00e9gumes de ce mercredi 30 octobre"},"content":{"rendered":"\n<p>Bonjour \u00e0 tous,<\/p>\n\n\n\n<p>Les paniers de ce mercredi seront compos\u00e9s comme suit,  sous r\u00e9serve de changement de derni\u00e8re minute.<\/p>\n\n\n\n<p>Pour les Petits Paniers :<\/p>\n\n\n\n<ul><li>1 salade<\/li><li>1 chou Pak Choi<\/li><li>1 kg de pommes de terre<\/li><li>1 c\u00e9leri raves<\/li><li>0,5 kg de carottes<\/li><li>0,5 kg de betterave crue<\/li><li>1 roquette<\/li><\/ul>\n\n\n\n<p>Pour les Paniers Moyens :<\/p>\n\n\n\n<ul><li>1 salade<\/li><li>1 chou Pak Choi<\/li><li>1 kg de pommes de terre<\/li><li>1 c\u00e9leri raves<\/li><li>1 kg de carottes<\/li><li>0,5 kg de betterave crue<\/li><li>1 fenouil<\/li><li>0,5 kg de tomates rondes<\/li><li>1 roquette<\/li><\/ul>\n\n\n\n<p>Bonne distribution.<\/p>\n\n\n\n<p>Eric Delaneau <\/p>\n\n\n\n<p>R\u00e9f\u00e9rent producteurs l\u00e9gumes<\/p>\n\n\n\n<p>06 85 06 18 49<\/p>\n\n\n\n<p><\/p>\n","protected":false},"excerpt":{"rendered":"<p>Bonjour \u00e0 tous, Les paniers de ce mercredi seront compos\u00e9s comme suit, sous r\u00e9serve de changement de derni\u00e8re minute. Pour les Petits Paniers : 1 salade 1 chou Pak Choi 1 kg de pommes de terre 1 c\u00e9leri raves 0,5 kg de carottes 0,5 kg de betterave crue 1 roquette Pour les Paniers Moyens : &hellip; <\/p>\n<p class=\"link-more\"><a href=\"https:\/\/lesbiopaniersdemareil.org\/index.php\/2019\/10\/30\/paniers-legumes-de-ce-mercredi-30-octobre\/\" class=\"more-link\">Continue reading<span class=\"screen-reader-text\"> &#8220;Paniers l\u00e9gumes de ce mercredi 30 octobre&#8221;<\/span><\/a><\/p>\n","protected":false},"author":25,"featured_media":0,"comment_status":"open","ping_status":"open","sticky":false,"template":"","format":"standard","meta":{"spay_email":"","jetpack_publicize_message":"","jetpack_is_tweetstorm":false,"jetpack_publicize_feature_enabled":true},"categories":[44],"tags":[],"jetpack_featured_media_url":"","jetpack_publicize_connections":[],"jetpack_sharing_enabled":true,"jetpack_shortlink":"https:\/\/wp.me\/pai4cU-gN","_links":{"self":[{"href":"https:\/\/lesbiopaniersdemareil.org\/index.php\/wp-json\/wp\/v2\/posts\/1041"}],"collection":[{"href":"https:\/\/lesbiopaniersdemareil.org\/index.php\/wp-json\/wp\/v2\/posts"}],"about":[{"href":"https:\/\/lesbiopaniersdemareil.org\/index.php\/wp-json\/wp\/v2\/types\/post"}],"author":[{"embeddable":true,"href":"https:\/\/lesbiopaniersdemareil.org\/index.php\/wp-json\/wp\/v2\/users\/25"}],"replies":[{"embeddable":true,"href":"https:\/\/lesbiopaniersdemareil.org\/index.php\/wp-json\/wp\/v2\/comments?post=1041"}],"version-history":[{"count":1,"href":"https:\/\/lesbiopaniersdemareil.org\/index.php\/wp-json\/wp\/v2\/posts\/1041\/revisions"}],"predecessor-version":[{"id":1042,"href":"https:\/\/lesbiopaniersdemareil.org\/index.php\/wp-json\/wp\/v2\/posts\/1041\/revisions\/1042"}],"wp:attachment":[{"href":"https:\/\/lesbiopaniersdemareil.org\/index.php\/wp-json\/wp\/v2\/media?parent=1041"}],"wp:term":[{"taxonomy":"category","embeddable":true,"href":"https:\/\/lesbiopaniersdemareil.org\/index.php\/wp-json\/wp\/v2\/categories?post=1041"},{"taxonomy":"post_tag","embeddable":true,"href":"https:\/\/lesbiopaniersdemareil.org\/index.php\/wp-json\/wp\/v2\/tags?post=1041"}],"curies":[{"name":"wp","href":"https:\/\/api.w.org\/{rel}","templated":true}]}}