{"id":1018,"date":"2019-10-29T18:50:00","date_gmt":"2019-10-29T17:50:00","guid":{"rendered":"http:\/\/lesbiopaniersdemareil.org\/?p=1018"},"modified":"2019-10-29T18:51:53","modified_gmt":"2019-10-29T17:51:53","slug":"crumble-de-courgettes-et-maquereaux","status":"publish","type":"post","link":"https:\/\/lesbiopaniersdemareil.org\/index.php\/2019\/10\/29\/crumble-de-courgettes-et-maquereaux\/","title":{"rendered":"Crumble de courgettes et maquereaux"},"content":{"rendered":"\n<p>Ingr\u00e9dients&nbsp;:<\/p>\n\n\n\n<p>(pour 4 personnes)<\/p>\n\n\n\n<p>3 petites courgettes<\/p>\n\n\n\n<p>3 maquereaux<\/p>\n\n\n\n<p>1 plaque de f\u00e9ta<\/p>\n\n\n\n<p>1 gousse d&#8217;ail<\/p>\n\n\n\n<p>2 grosses \u00e9chalotes<\/p>\n\n\n\n<p>100 g farine<\/p>\n\n\n\n<p>100 g beurre<\/p>\n\n\n\n<p>1 cs m\u00e9lange d&#8217;\u00e9pices colombo<\/p>\n\n\n\n<p>Laver les courgettes et les couper en petits d\u00e9s. \u00c9plucher\nail et \u00e9chalotes et \u00e9mincer. Faire revenir dans une po\u00eale et r\u00e9server. Lever\nles filets de maquereaux, disposer dans un plat en poivrant et les faire cuire\nau four. \u00c9mietter apr\u00e8s cuisson.<\/p>\n\n\n\n<p>M\u00e9langer les courgettes, la f\u00e9ta coup\u00e9e en d\u00e9s et le\nmaquereau et mettre dans un plat allant au four.<\/p>\n\n\n\n<p>M\u00e9langer \u00e0 la main la farine, le beurre, le colombo et un peu\nde sel pour faire le crumble. Recouvrir le m\u00e9lange avec crumble. Cuire au four\n\u00e0 180\u00b0 environ 20 mn jusqu&#8217;\u00e0 ce que le crumble soit dor\u00e9.<\/p>\n\n\n\n<p>Servir ti\u00e8de avec une salade verte.<\/p>\n","protected":false},"excerpt":{"rendered":"<p>Ingr\u00e9dients&nbsp;: (pour 4 personnes) 3 petites courgettes 3 maquereaux 1 plaque de f\u00e9ta 1 gousse d&#8217;ail 2 grosses \u00e9chalotes 100 g farine 100 g beurre 1 cs m\u00e9lange d&#8217;\u00e9pices colombo Laver les courgettes et les couper en petits d\u00e9s. \u00c9plucher ail et \u00e9chalotes et \u00e9mincer. Faire revenir dans une po\u00eale et r\u00e9server. Lever les filets &hellip; <\/p>\n<p class=\"link-more\"><a href=\"https:\/\/lesbiopaniersdemareil.org\/index.php\/2019\/10\/29\/crumble-de-courgettes-et-maquereaux\/\" class=\"more-link\">Continue reading<span class=\"screen-reader-text\"> &#8220;Crumble de courgettes et maquereaux&#8221;<\/span><\/a><\/p>\n","protected":false},"author":1,"featured_media":1019,"comment_status":"open","ping_status":"open","sticky":false,"template":"","format":"standard","meta":{"spay_email":"","jetpack_publicize_message":"","jetpack_is_tweetstorm":false,"jetpack_publicize_feature_enabled":true},"categories":[4],"tags":[49,60],"jetpack_featured_media_url":"https:\/\/lesbiopaniersdemareil.org\/wp-content\/uploads\/2019\/10\/seafood-3248701_960_720.jpg","jetpack_publicize_connections":[],"jetpack_sharing_enabled":true,"jetpack_shortlink":"https:\/\/wp.me\/pai4cU-gq","_links":{"self":[{"href":"https:\/\/lesbiopaniersdemareil.org\/index.php\/wp-json\/wp\/v2\/posts\/1018"}],"collection":[{"href":"https:\/\/lesbiopaniersdemareil.org\/index.php\/wp-json\/wp\/v2\/posts"}],"about":[{"href":"https:\/\/lesbiopaniersdemareil.org\/index.php\/wp-json\/wp\/v2\/types\/post"}],"author":[{"embeddable":true,"href":"https:\/\/lesbiopaniersdemareil.org\/index.php\/wp-json\/wp\/v2\/users\/1"}],"replies":[{"embeddable":true,"href":"https:\/\/lesbiopaniersdemareil.org\/index.php\/wp-json\/wp\/v2\/comments?post=1018"}],"version-history":[{"count":1,"href":"https:\/\/lesbiopaniersdemareil.org\/index.php\/wp-json\/wp\/v2\/posts\/1018\/revisions"}],"predecessor-version":[{"id":1020,"href":"https:\/\/lesbiopaniersdemareil.org\/index.php\/wp-json\/wp\/v2\/posts\/1018\/revisions\/1020"}],"wp:featuredmedia":[{"embeddable":true,"href":"https:\/\/lesbiopaniersdemareil.org\/index.php\/wp-json\/wp\/v2\/media\/1019"}],"wp:attachment":[{"href":"https:\/\/lesbiopaniersdemareil.org\/index.php\/wp-json\/wp\/v2\/media?parent=1018"}],"wp:term":[{"taxonomy":"category","embeddable":true,"href":"https:\/\/lesbiopaniersdemareil.org\/index.php\/wp-json\/wp\/v2\/categories?post=1018"},{"taxonomy":"post_tag","embeddable":true,"href":"https:\/\/lesbiopaniersdemareil.org\/index.php\/wp-json\/wp\/v2\/tags?post=1018"}],"curies":[{"name":"wp","href":"https:\/\/api.w.org\/{rel}","templated":true}]}}